{"id":1514,"date":"2026-07-30T09:04:30","date_gmt":"2026-07-30T09:04:30","guid":{"rendered":"https:\/\/niemerszein.de\/azubi-blog\/?p=1514"},"modified":"2026-07-23T09:42:51","modified_gmt":"2026-07-23T09:42:51","slug":"warum-eigentlich-so-ueberlebt-die-kuehlkette-30-grad","status":"publish","type":"post","link":"https:\/\/niemerszein.de\/azubi-blog\/warum-eigentlich-so-ueberlebt-die-kuehlkette-30-grad\/","title":{"rendered":"Warum eigentlich? So \u00fcberlebt die K\u00fchlkette 30 Grad"},"content":{"rendered":"\n<p class=\"wp-block-paragraph\">Drau\u00dfen flimmert der Asphalt, die Elbe ruft und halb Hamburg schwitzt \u2013 aber im Markt liegt der Fisch auf Eis, das Eis in der Truhe und der Joghurt bleibt sch\u00f6n k\u00fchl. F\u00fcr Kund:innen ist das selbstverst\u00e4ndlich. Dass dahinter ein durchgetaktetes System steckt, an dem du als Azubi jeden Tag mitarbeitest, sieht kaum jemand. Zeit, das mal zu \u00e4ndern: Warum eigentlich funktioniert die K\u00fchlkette auch bei 30 Grad?<\/p>\n\n\n\n<figure class=\"wp-block-image size-full\"><img loading=\"lazy\" decoding=\"async\" width=\"1920\" height=\"1280\" src=\"https:\/\/niemerszein.de\/azubi-blog\/wp-content\/uploads\/2025\/07\/Niemerszein_2022_Filiale_Muehlenkamp_194.jpg\" alt=\"\" class=\"wp-image-1392\"\/><figcaption class=\"wp-element-caption\">www.esther-eberhardt.de<\/figcaption><\/figure>\n\n\n\n<div id=\"ez-toc-container\" class=\"ez-toc-v2_0_87 counter-hierarchy ez-toc-counter ez-toc-grey ez-toc-container-direction\">\n<div class=\"ez-toc-title-container\"><p class=\"ez-toc-title\" style=\"cursor:inherit\">Inhalt<\/p>\n<\/div><nav><ul class='ez-toc-list ez-toc-list-level-1 ' ><li class='ez-toc-page-1 ez-toc-heading-level-2'><a class=\"ez-toc-link ez-toc-heading-1\" href=\"https:\/\/niemerszein.de\/azubi-blog\/warum-eigentlich-so-ueberlebt-die-kuehlkette-30-grad\/#Was_ist_die_Kuehlkette_ueberhaupt\" >Was ist die K\u00fchlkette \u00fcberhaupt?<\/a><\/li><li class='ez-toc-page-1 ez-toc-heading-level-2'><a class=\"ez-toc-link ez-toc-heading-2\" href=\"https:\/\/niemerszein.de\/azubi-blog\/warum-eigentlich-so-ueberlebt-die-kuehlkette-30-grad\/#Der_kritischste_Moment_die_Warenannahme\" >Der kritischste Moment: die Warenannahme<\/a><\/li><li class='ez-toc-page-1 ez-toc-heading-level-2'><a class=\"ez-toc-link ez-toc-heading-3\" href=\"https:\/\/niemerszein.de\/azubi-blog\/warum-eigentlich-so-ueberlebt-die-kuehlkette-30-grad\/#Diese_Temperaturen_musst_du_kennen\" >Diese Temperaturen musst du kennen<\/a><\/li><li class='ez-toc-page-1 ez-toc-heading-level-2'><a class=\"ez-toc-link ez-toc-heading-4\" href=\"https:\/\/niemerszein.de\/azubi-blog\/warum-eigentlich-so-ueberlebt-die-kuehlkette-30-grad\/#Im_Markt_Truhen_Theken_und_offene_Tueren\" >Im Markt: Truhen, Theken und offene T\u00fcren<\/a><\/li><li class='ez-toc-page-1 ez-toc-heading-level-2'><a class=\"ez-toc-link ez-toc-heading-5\" href=\"https:\/\/niemerszein.de\/azubi-blog\/warum-eigentlich-so-ueberlebt-die-kuehlkette-30-grad\/#Und_was_passiert_wenn_die_Kette_reisst\" >Und was passiert, wenn die Kette rei\u00dft?<\/a><\/li><li class='ez-toc-page-1 ez-toc-heading-level-2'><a class=\"ez-toc-link ez-toc-heading-6\" href=\"https:\/\/niemerszein.de\/azubi-blog\/warum-eigentlich-so-ueberlebt-die-kuehlkette-30-grad\/#Warum_das_fuer_dich_als_Azubi_relevant_ist\" >Warum das f\u00fcr dich als Azubi relevant ist<\/a><\/li><li class='ez-toc-page-1 ez-toc-heading-level-2'><a class=\"ez-toc-link ez-toc-heading-7\" href=\"https:\/\/niemerszein.de\/azubi-blog\/warum-eigentlich-so-ueberlebt-die-kuehlkette-30-grad\/#Der_groessere_Zusammenhang\" >Der gr\u00f6\u00dfere Zusammenhang<\/a><\/li><\/ul><\/nav><\/div>\n<h2 class=\"wp-block-heading\"><span class=\"ez-toc-section\" id=\"Was_ist_die_Kuehlkette_ueberhaupt\"><\/span><strong>Was ist die K\u00fchlkette \u00fcberhaupt?<\/strong><span class=\"ez-toc-section-end\"><\/span><\/h2>\n\n\n\n<p class=\"wp-block-paragraph\">Die K\u00fchlkette beschreibt den Weg eines gek\u00fchlten oder tiefgek\u00fchlten Produkts vom Hersteller \u00fcber den Transport bis in die K\u00fchltheke \u2013 und zwar ohne Unterbrechung. Jedes Glied dieser Kette muss die vorgeschriebene Temperatur halten, sonst leidet die Qualit\u00e4t oder das Produkt wird sogar zum Gesundheitsrisiko. Im Lebensmitteleinzelhandel ist die K\u00fchlkette deshalb kein \u201eNice to have&#8220;, sondern gesetzlich vorgeschrieben. Und im Sommer wird sie jeden Tag aufs Neue auf die Probe gestellt.<\/p>\n\n\n\n<h2 class=\"wp-block-heading\"><span class=\"ez-toc-section\" id=\"Der_kritischste_Moment_die_Warenannahme\"><\/span><strong>Der kritischste Moment: die Warenannahme<\/strong><span class=\"ez-toc-section-end\"><\/span><\/h2>\n\n\n\n<p class=\"wp-block-paragraph\">Wenn morgens der K\u00fchl-Lkw an der Rampe steht, z\u00e4hlt jede Minute. Zwischen Laderaum und K\u00fchlhaus darf die Ware nicht lange in der warmen Sommerluft stehen. Deshalb gilt: Gek\u00fchltes und Tiefgek\u00fchltes wird immer zuerst angenommen, kontrolliert und sofort wegger\u00e4umt \u2013 noch vor den Paletten mit Nudeln oder Konserven.<\/p>\n\n\n\n<p class=\"wp-block-paragraph\">Zur Kontrolle geh\u00f6rt auch das Temperaturmessen. Mit einem Thermometer wird stichprobenartig gepr\u00fcft, ob die Ware korrekt gek\u00fchlt ankommt. Stimmt etwas nicht, wird die Lieferung reklamiert. Das klingt streng, sch\u00fctzt aber am Ende alle.<\/p>\n\n\n\n<p class=\"wp-block-paragraph\">Im Hochsommer kommt noch ein Detail dazu: Auch der Weg von der Rampe ins K\u00fchlhaus wird bewusst kurz gehalten. Rollcontainer mit Frischware stehen nie \u201emal eben&#8220; in der Sonne, sondern werden direkt weitergeschoben.<\/p>\n\n\n\n<h2 class=\"wp-block-heading\"><span class=\"ez-toc-section\" id=\"Diese_Temperaturen_musst_du_kennen\"><\/span><strong>Diese Temperaturen musst du kennen<\/strong><span class=\"ez-toc-section-end\"><\/span><\/h2>\n\n\n\n<p class=\"wp-block-paragraph\">Nicht jedes Produkt braucht dieselbe K\u00e4lte. Ein paar wichtige Richtwerte aus dem Marktalltag:<\/p>\n\n\n\n<ul class=\"wp-block-list\">\n<li>Tiefk\u00fchlware: \u201318 \u00b0C, ohne Wenn und Aber<\/li>\n\n\n\n<li>Hackfleisch: maximal +2 \u00b0C \u2013 das empfindlichste Produkt im Markt<\/li>\n\n\n\n<li>Gefl\u00fcgel: maximal +4 \u00b0C<\/li>\n\n\n\n<li>Frischer Fisch: auf Eis, m\u00f6glichst nahe 0 \u00b0C<\/li>\n\n\n\n<li>Milchprodukte: durchgehend gek\u00fchlt bei maximal +8 \u00b0C<\/li>\n<\/ul>\n\n\n\n<h2 class=\"wp-block-heading\"><span class=\"ez-toc-section\" id=\"Im_Markt_Truhen_Theken_und_offene_Tueren\"><\/span><strong>Im Markt: Truhen, Theken und offene T\u00fcren<\/strong><span class=\"ez-toc-section-end\"><\/span><\/h2>\n\n\n\n<p class=\"wp-block-paragraph\">Auch auf der Verkaufsfl\u00e4che geht die Arbeit weiter. K\u00fchlm\u00f6bel werden regelm\u00e4\u00dfig abgelesen und die Temperaturen dokumentiert. Beim Einr\u00e4umen gilt das Prinzip \u201ekurze Wege&#8220;: Tiefk\u00fchlware wandert direkt vom K\u00fchlhaus in die Truhe, nicht erst eine Runde durch den Markt. Und dann sind da noch die kleinen Dinge, die im Sommer den Unterschied machen: Truhendeckel schlie\u00dfen, Nachtrollos herunterziehen, keine Ware \u00fcber die Stapelmarke t\u00fcrmen.\u00a0<\/p>\n\n\n\n<h2 class=\"wp-block-heading\"><span class=\"ez-toc-section\" id=\"Und_was_passiert_wenn_die_Kette_reisst\"><\/span><strong>Und was passiert, wenn die Kette rei\u00dft?<\/strong><span class=\"ez-toc-section-end\"><\/span><\/h2>\n\n\n\n<p class=\"wp-block-paragraph\">F\u00e4llt ein K\u00fchlm\u00f6bel aus oder wurde Ware zu lange ungek\u00fchlt gelagert, gilt: lieber einmal zu vorsichtig als einmal zu wenig. Betroffene Produkte werden gepr\u00fcft und im Zweifel aussortiert, die Technik wird sofort gemeldet. Einmal aufgetaute Tiefk\u00fchlware darf zum Beispiel nicht wieder eingefroren und verkauft werden.<\/p>\n\n\n\n<h2 class=\"wp-block-heading\"><span class=\"ez-toc-section\" id=\"Warum_das_fuer_dich_als_Azubi_relevant_ist\"><\/span><strong>Warum das f\u00fcr dich als Azubi relevant ist<\/strong><span class=\"ez-toc-section-end\"><\/span><\/h2>\n\n\n\n<p class=\"wp-block-paragraph\">Ob Warenannahme, MHD-Kontrolle oder das Ablesen der Truhen: Als Azubi \u00fcbernimmst du hier fr\u00fch echte Verantwortung. Gleichzeitig ist das Thema pr\u00fcfungsrelevant, denn Fragen zu Lagerung und Hygiene tauchen in der Berufsschule und in der Abschlusspr\u00fcfung garantiert auf.<\/p>\n\n\n\n<h2 class=\"wp-block-heading\"><span class=\"ez-toc-section\" id=\"Der_groessere_Zusammenhang\"><\/span><strong>Der gr\u00f6\u00dfere Zusammenhang<\/strong><span class=\"ez-toc-section-end\"><\/span><\/h2>\n\n\n\n<p class=\"wp-block-paragraph\">Eine funktionierende K\u00fchlkette sch\u00fctzt nicht nur die Gesundheit der Kund:innen, sie verhindert auch Lebensmittelverschwendung. Jedes Produkt, das wegen einer Temperaturpanne entsorgt werden muss, ist verlorene Arbeit, verlorenes Geld und ein unn\u00f6tiger Beitrag zur Tonne. Bei NIEMERSZEIN geh\u00f6rt der sorgsame Umgang mit Frische deshalb zum Selbstverst\u00e4ndnis \u2013 bei jedem Wetter.<\/p>\n\n\n\n<div class=\"wp-block-buttons is-layout-flex wp-block-buttons-is-layout-flex\">\n<div class=\"wp-block-button\"><a class=\"wp-block-button__link wp-element-button\">Jetzt bewerben<\/a><\/div>\n<\/div>\n","protected":false},"excerpt":{"rendered":"<p>Drau\u00dfen flimmert der Asphalt, die Elbe ruft und halb Hamburg schwitzt \u2013 aber im Markt liegt der Fisch auf Eis, das Eis in der Truhe und der Joghurt bleibt sch\u00f6n k\u00fchl. F\u00fcr Kund:innen ist das selbstverst\u00e4ndlich. Dass dahinter ein durchgetaktetes System steckt, an dem du als Azubi jeden Tag mitarbeitest, sieht kaum jemand. Zeit, das&hellip;<\/p>\n","protected":false},"author":4,"featured_media":1279,"comment_status":"closed","ping_status":"closed","sticky":false,"template":"","format":"standard","meta":{"_seopress_titles_title":"Wie funktioniert die K\u00fchlkette im LEH im Sommer?","_seopress_titles_desc":"Hier erf\u00e4hrst du als Azubi bei NIEMERSZEIN, wie die K\u00fchlkette im LEH funktioniert und was du wissen musst, damit alle Produkte k\u00fchl bleiben.","_seopress_robots_index":"","_seopress_robots_follow":"","_seopress_robots_imageindex":"","_seopress_robots_snippet":"","_seopress_robots_primary_cat":"","_seopress_robots_breadcrumbs":"","_seopress_robots_freeze_modified_date":"","_seopress_robots_custom_modified_date":"","_seopress_robots_canonical":"","_seopress_social_fb_title":"","_seopress_social_fb_desc":"","_seopress_social_fb_img":"","_seopress_social_fb_img_attachment_id":0,"_seopress_social_fb_img_width":0,"_seopress_social_fb_img_height":0,"_seopress_social_twitter_title":"","_seopress_social_twitter_desc":"","_seopress_social_twitter_img":"","_seopress_social_twitter_img_attachment_id":0,"_seopress_social_twitter_img_width":0,"_seopress_social_twitter_img_height":0,"_seopress_redirections_value":"","_seopress_redirections_enabled":"","_seopress_redirections_enabled_regex":"","_seopress_redirections_logged_status":"","_seopress_redirections_param":"","_seopress_redirections_type":0,"_seopress_analysis_target_kw":"","footnotes":""},"categories":[22],"tags":[20,15,23,19,17,14,13,30,18,26],"class_list":["post-1514","post","type-post","status-publish","format-standard","has-post-thumbnail","hentry","category-warum-eigentlich","tag-ausbildung","tag-ausbildungsinhalte","tag-azubi-blog","tag-edeka-niemerszein","tag-einzelhandel","tag-einzelhandelskauffrau","tag-einzelhandelskaufmann","tag-hamburg","tag-lebensmitteleinzelhandel","tag-niemerszein","entry","has-media"],"_links":{"self":[{"href":"https:\/\/niemerszein.de\/azubi-blog\/wp-json\/wp\/v2\/posts\/1514","targetHints":{"allow":["GET"]}}],"collection":[{"href":"https:\/\/niemerszein.de\/azubi-blog\/wp-json\/wp\/v2\/posts"}],"about":[{"href":"https:\/\/niemerszein.de\/azubi-blog\/wp-json\/wp\/v2\/types\/post"}],"author":[{"embeddable":true,"href":"https:\/\/niemerszein.de\/azubi-blog\/wp-json\/wp\/v2\/users\/4"}],"replies":[{"embeddable":true,"href":"https:\/\/niemerszein.de\/azubi-blog\/wp-json\/wp\/v2\/comments?post=1514"}],"version-history":[{"count":1,"href":"https:\/\/niemerszein.de\/azubi-blog\/wp-json\/wp\/v2\/posts\/1514\/revisions"}],"predecessor-version":[{"id":1515,"href":"https:\/\/niemerszein.de\/azubi-blog\/wp-json\/wp\/v2\/posts\/1514\/revisions\/1515"}],"wp:featuredmedia":[{"embeddable":true,"href":"https:\/\/niemerszein.de\/azubi-blog\/wp-json\/wp\/v2\/media\/1279"}],"wp:attachment":[{"href":"https:\/\/niemerszein.de\/azubi-blog\/wp-json\/wp\/v2\/media?parent=1514"}],"wp:term":[{"taxonomy":"category","embeddable":true,"href":"https:\/\/niemerszein.de\/azubi-blog\/wp-json\/wp\/v2\/categories?post=1514"},{"taxonomy":"post_tag","embeddable":true,"href":"https:\/\/niemerszein.de\/azubi-blog\/wp-json\/wp\/v2\/tags?post=1514"}],"curies":[{"name":"wp","href":"https:\/\/api.w.org\/{rel}","templated":true}]}}