{"id":1517,"date":"2026-08-17T11:26:30","date_gmt":"2026-08-17T11:26:30","guid":{"rendered":"https:\/\/niemerszein.de\/azubi-blog\/?p=1517"},"modified":"2026-08-20T11:48:00","modified_gmt":"2026-08-20T11:48:00","slug":"ausbildungsstart-bei-niemerszein-dein-fahrplan-fuer-die-erste-woche","status":"publish","type":"post","link":"https:\/\/niemerszein.de\/azubi-blog\/ausbildungsstart-bei-niemerszein-dein-fahrplan-fuer-die-erste-woche\/","title":{"rendered":"Ausbildungsstart bei NIEMERSZEIN: Dein Fahrplan f\u00fcr die erste Woche"},"content":{"rendered":"\n<p class=\"wp-block-paragraph\">Der August ist da und f\u00fcr dich startet heute ein ganz neues Kapitel: deine Ausbildung bei NIEMERSZEIN. Aufregung, ein bisschen Nervosit\u00e4t, vielleicht auch schon Vorfreude auf die erste Berufsschulwoche \u2013 das geh\u00f6rt alles dazu. Damit deine ersten Tage im Markt entspannt laufen, kommen hier die wichtigsten Praxistipps f\u00fcr deinen Ausbildungsstart. Bei NIEMERSZEIN hei\u00dft Start n\u00e4mlich nicht: allein zurechtkommen, sondern von Anfang an dazugeh\u00f6ren.<\/p>\n\n\n\n<figure class=\"wp-block-image size-full\"><img loading=\"lazy\" decoding=\"async\" width=\"1920\" height=\"1280\" src=\"https:\/\/niemerszein.de\/azubi-blog\/wp-content\/uploads\/2025\/02\/Niemerszein_Azubis_2023_10_112.jpg\" alt=\"\" class=\"wp-image-1355\"\/><\/figure>\n\n\n\n<div id=\"ez-toc-container\" class=\"ez-toc-v2_0_87 counter-hierarchy ez-toc-counter ez-toc-grey ez-toc-container-direction\">\n<div class=\"ez-toc-title-container\"><p class=\"ez-toc-title\" style=\"cursor:inherit\">Inhalt<\/p>\n<\/div><nav><ul class='ez-toc-list ez-toc-list-level-1 ' ><li class='ez-toc-page-1 ez-toc-heading-level-2'><a class=\"ez-toc-link ez-toc-heading-1\" href=\"https:\/\/niemerszein.de\/azubi-blog\/ausbildungsstart-bei-niemerszein-dein-fahrplan-fuer-die-erste-woche\/#Dein_erster_Tag_Das_erwartet_dich\" >Dein erster Tag: Das erwartet dich<\/a><\/li><li class='ez-toc-page-1 ez-toc-heading-level-2'><a class=\"ez-toc-link ez-toc-heading-2\" href=\"https:\/\/niemerszein.de\/azubi-blog\/ausbildungsstart-bei-niemerszein-dein-fahrplan-fuer-die-erste-woche\/#Die_wichtigste_Regel_Frag_lieber_einmal_zu_viel\" >Die wichtigste Regel: Frag lieber einmal zu viel<\/a><\/li><li class='ez-toc-page-1 ez-toc-heading-level-2'><a class=\"ez-toc-link ez-toc-heading-3\" href=\"https:\/\/niemerszein.de\/azubi-blog\/ausbildungsstart-bei-niemerszein-dein-fahrplan-fuer-die-erste-woche\/#Was_du_zum_Start_dabei_haben_solltest\" >Was du zum Start dabei haben solltest<\/a><\/li><li class='ez-toc-page-1 ez-toc-heading-level-2'><a class=\"ez-toc-link ez-toc-heading-4\" href=\"https:\/\/niemerszein.de\/azubi-blog\/ausbildungsstart-bei-niemerszein-dein-fahrplan-fuer-die-erste-woche\/#Ein_Tipp_vorab_Anreise_und_Puenktlichkeit\" >Ein Tipp vorab: Anreise und P\u00fcnktlichkeit<\/a><\/li><li class='ez-toc-page-1 ez-toc-heading-level-2'><a class=\"ez-toc-link ez-toc-heading-5\" href=\"https:\/\/niemerszein.de\/azubi-blog\/ausbildungsstart-bei-niemerszein-dein-fahrplan-fuer-die-erste-woche\/#Die_Probezeit_Kennenlernen_auf_Gegenseitigkeit\" >Die Probezeit: Kennenlernen auf Gegenseitigkeit<\/a><\/li><li class='ez-toc-page-1 ez-toc-heading-level-2'><a class=\"ez-toc-link ez-toc-heading-6\" href=\"https:\/\/niemerszein.de\/azubi-blog\/ausbildungsstart-bei-niemerszein-dein-fahrplan-fuer-die-erste-woche\/#Und_dann_kommt_auch_noch_die_Berufsschule\" >Und dann kommt auch noch die Berufsschule<\/a><\/li><li class='ez-toc-page-1 ez-toc-heading-level-2'><a class=\"ez-toc-link ez-toc-heading-7\" href=\"https:\/\/niemerszein.de\/azubi-blog\/ausbildungsstart-bei-niemerszein-dein-fahrplan-fuer-die-erste-woche\/#Deine_Checkliste_fuer_die_erste_Woche\" >Deine Checkliste f\u00fcr die erste Woche<\/a><\/li><\/ul><\/nav><\/div>\n<h2 class=\"wp-block-heading\"><span class=\"ez-toc-section\" id=\"Dein_erster_Tag_Das_erwartet_dich\"><\/span><strong>Dein erster Tag: Das erwartet dich<\/strong><span class=\"ez-toc-section-end\"><\/span><\/h2>\n\n\n\n<p class=\"wp-block-paragraph\">Am ersten Tag geht es erstmal ums Ankommen. Du lernst deinen Markt, dein Team und deine ersten Ansprechpersonen kennen. Oft in einer kleinen Auftaktrunde, in der die wichtigsten Abl\u00e4ufe und Erwartungen erkl\u00e4rt werden. Viele M\u00e4rkte arbeiten au\u00dferdem mit festen Pat:innen: erfahrenen Kolleg:innen oder \u00e4lteren Azubis, die dich in den ersten Wochen begleiten und immer ansprechbar sind.<\/p>\n\n\n\n<h2 class=\"wp-block-heading\"><span class=\"ez-toc-section\" id=\"Die_wichtigste_Regel_Frag_lieber_einmal_zu_viel\"><\/span><strong>Die wichtigste Regel: Frag lieber einmal zu viel<\/strong><span class=\"ez-toc-section-end\"><\/span><\/h2>\n\n\n\n<p class=\"wp-block-paragraph\">Niemand erwartet, dass du am ersten Tag schon wei\u00dft, wo der Bon-Rollen-Nachschub liegt oder wie die Warenannahme genau abl\u00e4uft. Die Regel, die viele Azubis erst nach ein paar Wochen verinnerlichen: Lieber einmal zu oft nachfragen, als aus Unsicherheit einfach zu raten.<\/p>\n\n\n\n<h2 class=\"wp-block-heading\"><span class=\"ez-toc-section\" id=\"Was_du_zum_Start_dabei_haben_solltest\"><\/span><strong>Was du zum Start dabei haben solltest<\/strong><span class=\"ez-toc-section-end\"><\/span><\/h2>\n\n\n\n<p class=\"wp-block-paragraph\">Damit du dich am ersten Tag ganz aufs Ankommen konzentrieren kannst, hilft ein bisschen Vorbereitung.<\/p>\n\n\n\n<ul class=\"wp-block-list\">\n<li>Vertragsunterlagen bzw. Kopien, falls dein Markt danach fragt<\/li>\n\n\n\n<li>Bequeme, rutschfeste Schuhe \u2013 du bist viel auf den Beinen<\/li>\n\n\n\n<li>Ein Notizbuch oder die Handy-Notizfunktion f\u00fcr erste Eindr\u00fccke f\u00fcrs Berichtsheft<\/li>\n\n\n\n<li>Ggf. vorgeschriebene Arbeitskleidung, falls in deiner Abteilung n\u00f6tig<\/li>\n\n\n\n<li>Neugier bei allen m\u00f6glichen Aufgaben mit anzupacken<\/li>\n<\/ul>\n\n\n\n<h2 class=\"wp-block-heading\"><span class=\"ez-toc-section\" id=\"Ein_Tipp_vorab_Anreise_und_Puenktlichkeit\"><\/span><strong>Ein Tipp vorab: Anreise und P\u00fcnktlichkeit<\/strong><span class=\"ez-toc-section-end\"><\/span><\/h2>\n\n\n\n<p class=\"wp-block-paragraph\">Klingt banal, ist aber Gold wert: Plane deinen Weg zum Markt am ersten Tag lieber zu gro\u00dfz\u00fcgig als zu knapp. Ein Testlauf am Wochenende vorher zeigt dir, wie lange du wirklich brauchst. P\u00fcnktlichkeit ist gerade in den ersten Wochen ein kleines, aber wirkungsvolles Signal: Sie zeigt deinem Team, dass du Verl\u00e4sslichkeit ernst nimmst, noch bevor du fachlich \u00fcberhaupt etwas gezeigt hast.<\/p>\n\n\n\n<h2 class=\"wp-block-heading\"><span class=\"ez-toc-section\" id=\"Die_Probezeit_Kennenlernen_auf_Gegenseitigkeit\"><\/span><strong>Die Probezeit: Kennenlernen auf Gegenseitigkeit<\/strong><span class=\"ez-toc-section-end\"><\/span><\/h2>\n\n\n\n<p class=\"wp-block-paragraph\">Die ersten vier Monate deiner Ausbildung gelten als Probezeit. Das klingt erstmal nach Druck, ist aber vor allem eins: eine Chance zum gegenseitigen Kennenlernen. Du findest heraus, ob der Beruf und der Markt zu dir passen und dein Ausbildungsbetrieb lernt dich mit deinen St\u00e4rken kennen und mit dem, was du noch \u00fcben willst.<\/p>\n\n\n\n<p class=\"wp-block-paragraph\">Nutze die Zeit f\u00fcr ehrliches Feedback: Wie kam mein erster Monat bei meinen Kolleg:innen an? Was kann ich noch besser machen? Genau solche Gespr\u00e4che mit deiner Ausbilder:in bringen dich in der Probezeit am weitesten.<\/p>\n\n\n\n<h2 class=\"wp-block-heading\"><span class=\"ez-toc-section\" id=\"Und_dann_kommt_auch_noch_die_Berufsschule\"><\/span><strong>Und dann kommt auch noch die Berufsschule<\/strong><span class=\"ez-toc-section-end\"><\/span><\/h2>\n\n\n\n<p class=\"wp-block-paragraph\">Parallel zum Markt startet Mitte August meist auch deine erste Berufsschulwoche. Zwei neue Umgebungen gleichzeitig \u2013 das kann am Anfang ganz sch\u00f6n viel sein. Kein Grund zur Sorge: Vieles aus der Schule ergibt erst im Markt so richtig Sinn, und umgekehrt hilft dir das, was du im Markt erlebst, beim Verstehen der Theorie.<\/p>\n\n\n\n<p class=\"wp-block-paragraph\">Sprich mit deinem Ausbildungsbetrieb, falls sich Markt- und Schultermine mal \u00fcberschneiden \u2013 daf\u00fcr gibt es klare Regelungen, und deine Ausbilder:in kennt sie.<\/p>\n\n\n\n<h2 class=\"wp-block-heading\"><span class=\"ez-toc-section\" id=\"Deine_Checkliste_fuer_die_erste_Woche\"><\/span><strong>Deine Checkliste f\u00fcr die erste Woche<\/strong><span class=\"ez-toc-section-end\"><\/span><\/h2>\n\n\n\n<p class=\"wp-block-paragraph\">Zum Abhaken f\u00fcr die ersten Tage:<\/p>\n\n\n\n<ul class=\"wp-block-list\">\n<li>Namen deines Teams und deiner Pat:in merken<\/li>\n\n\n\n<li>Am Markt-Rundgang aktiv teilnehmen und Fragen stellen<\/li>\n\n\n\n<li>Pausenzeiten und Abl\u00e4ufe kennenlernen<\/li>\n\n\n\n<li>Erste Notizen f\u00fcrs Berichtsheft machen<\/li>\n\n\n\n<li>Unterlagen f\u00fcr die erste Berufsschulwoche bereitlegen<\/li>\n\n\n\n<li>Bei Unsicherheiten direkt deine Pat:in oder Ausbilder:in ansprechen<\/li>\n<\/ul>\n\n\n\n<p class=\"wp-block-paragraph\">Deine erste Woche muss nicht perfekt sein \u2013 sie ist dazu da, anzukommen. Und das schaffst du!<\/p>\n\n\n\n<div class=\"wp-block-buttons is-layout-flex wp-block-buttons-is-layout-flex\">\n<div class=\"wp-block-button\"><a class=\"wp-block-button__link wp-element-button\">Jetzt bewerben<\/a><\/div>\n<\/div>\n","protected":false},"excerpt":{"rendered":"<p>Der August ist da und f\u00fcr dich startet heute ein ganz neues Kapitel: deine Ausbildung bei NIEMERSZEIN. Aufregung, ein bisschen Nervosit\u00e4t, vielleicht auch schon Vorfreude auf die erste Berufsschulwoche \u2013 das geh\u00f6rt alles dazu. Damit deine ersten Tage im Markt entspannt laufen, kommen hier die wichtigsten Praxistipps f\u00fcr deinen Ausbildungsstart. Bei NIEMERSZEIN hei\u00dft Start n\u00e4mlich&hellip;<\/p>\n","protected":false},"author":4,"featured_media":1344,"comment_status":"closed","ping_status":"closed","sticky":false,"template":"","format":"standard","meta":{"_seopress_titles_title":"Ausbildungsstart im August im Lebensmitteleinzelhandel","_seopress_titles_desc":"Der August ist da und f\u00fcr dich startet heute ein ganz neues Kapitel: deine Ausbildung bei NIEMERSZEIN.","_seopress_robots_index":"","_seopress_robots_follow":"","_seopress_robots_imageindex":"","_seopress_robots_snippet":"","_seopress_robots_primary_cat":"","_seopress_robots_breadcrumbs":"","_seopress_robots_freeze_modified_date":"","_seopress_robots_custom_modified_date":"","_seopress_robots_canonical":"","_seopress_social_fb_title":"","_seopress_social_fb_desc":"","_seopress_social_fb_img":"","_seopress_social_fb_img_attachment_id":0,"_seopress_social_fb_img_width":0,"_seopress_social_fb_img_height":0,"_seopress_social_twitter_title":"","_seopress_social_twitter_desc":"","_seopress_social_twitter_img":"","_seopress_social_twitter_img_attachment_id":0,"_seopress_social_twitter_img_width":0,"_seopress_social_twitter_img_height":0,"_seopress_redirections_value":"","_seopress_redirections_enabled":"","_seopress_redirections_enabled_regex":"","_seopress_redirections_logged_status":"","_seopress_redirections_param":"","_seopress_redirections_type":0,"_seopress_analysis_target_kw":"","footnotes":""},"categories":[16],"tags":[20,15,23,19,17,14,13,30,18,26],"class_list":["post-1517","post","type-post","status-publish","format-standard","has-post-thumbnail","hentry","category-how-to-x","tag-ausbildung","tag-ausbildungsinhalte","tag-azubi-blog","tag-edeka-niemerszein","tag-einzelhandel","tag-einzelhandelskauffrau","tag-einzelhandelskaufmann","tag-hamburg","tag-lebensmitteleinzelhandel","tag-niemerszein","entry","has-media"],"_links":{"self":[{"href":"https:\/\/niemerszein.de\/azubi-blog\/wp-json\/wp\/v2\/posts\/1517","targetHints":{"allow":["GET"]}}],"collection":[{"href":"https:\/\/niemerszein.de\/azubi-blog\/wp-json\/wp\/v2\/posts"}],"about":[{"href":"https:\/\/niemerszein.de\/azubi-blog\/wp-json\/wp\/v2\/types\/post"}],"author":[{"embeddable":true,"href":"https:\/\/niemerszein.de\/azubi-blog\/wp-json\/wp\/v2\/users\/4"}],"replies":[{"embeddable":true,"href":"https:\/\/niemerszein.de\/azubi-blog\/wp-json\/wp\/v2\/comments?post=1517"}],"version-history":[{"count":1,"href":"https:\/\/niemerszein.de\/azubi-blog\/wp-json\/wp\/v2\/posts\/1517\/revisions"}],"predecessor-version":[{"id":1518,"href":"https:\/\/niemerszein.de\/azubi-blog\/wp-json\/wp\/v2\/posts\/1517\/revisions\/1518"}],"wp:featuredmedia":[{"embeddable":true,"href":"https:\/\/niemerszein.de\/azubi-blog\/wp-json\/wp\/v2\/media\/1344"}],"wp:attachment":[{"href":"https:\/\/niemerszein.de\/azubi-blog\/wp-json\/wp\/v2\/media?parent=1517"}],"wp:term":[{"taxonomy":"category","embeddable":true,"href":"https:\/\/niemerszein.de\/azubi-blog\/wp-json\/wp\/v2\/categories?post=1517"},{"taxonomy":"post_tag","embeddable":true,"href":"https:\/\/niemerszein.de\/azubi-blog\/wp-json\/wp\/v2\/tags?post=1517"}],"curies":[{"name":"wp","href":"https:\/\/api.w.org\/{rel}","templated":true}]}}