{"id":1519,"date":"2026-08-20T14:00:55","date_gmt":"2026-08-20T14:00:55","guid":{"rendered":"https:\/\/niemerszein.de\/azubi-blog\/?p=1519"},"modified":"2026-08-20T13:28:07","modified_gmt":"2026-08-20T13:28:07","slug":"schulstart-nach-den-ferien-warum-das-auch-im-markt-fuer-umstellung-sorgt","status":"publish","type":"post","link":"https:\/\/niemerszein.de\/azubi-blog\/schulstart-nach-den-ferien-warum-das-auch-im-markt-fuer-umstellung-sorgt\/","title":{"rendered":"Schulstart nach den Ferien: Warum das auch im Markt f\u00fcr Umstellung sorgt"},"content":{"rendered":"\n<p class=\"wp-block-paragraph\">Am 20. August hei\u00dft es f\u00fcr Hamburger Schulkinder wieder: Ranzen gepackt, Wecker gestellt, Alltag zur\u00fcck und das sp\u00fcrt auch der LEH um die Ecke. Der Rhythmuswechsel macht sich nicht nur in der Innenstadt und an der Alster bemerkbar, sondern in unseren NIEMERSZEIN M\u00e4rkten quer durch die ganze Stadt. Aber warum eigentlich sorgt ein Kalenderdatum wie der Schulstart in Hamburg f\u00fcr sp\u00fcrbare Ver\u00e4nderungen im Einkaufsverhalten?<\/p>\n\n\n\n<figure class=\"wp-block-image size-full\"><img loading=\"lazy\" decoding=\"async\" width=\"1920\" height=\"1280\" src=\"https:\/\/niemerszein.de\/azubi-blog\/wp-content\/uploads\/2024\/06\/Niemerszein_2022_06_FilialeSand_186.jpg\" alt=\"\" class=\"wp-image-1274\"\/><\/figure>\n\n\n\n<div id=\"ez-toc-container\" class=\"ez-toc-v2_0_87 counter-hierarchy ez-toc-counter ez-toc-grey ez-toc-container-direction\">\n<div class=\"ez-toc-title-container\"><p class=\"ez-toc-title\" style=\"cursor:inherit\">Inhalt<\/p>\n<\/div><nav><ul class='ez-toc-list ez-toc-list-level-1 ' ><li class='ez-toc-page-1 ez-toc-heading-level-2'><a class=\"ez-toc-link ez-toc-heading-1\" href=\"https:\/\/niemerszein.de\/azubi-blog\/schulstart-nach-den-ferien-warum-das-auch-im-markt-fuer-umstellung-sorgt\/#Der_Moment_in_dem_die_Ferien_vorbei_sind\" >Der Moment, in dem die Ferien vorbei sind<\/a><\/li><li class='ez-toc-page-1 ez-toc-heading-level-2'><a class=\"ez-toc-link ez-toc-heading-2\" href=\"https:\/\/niemerszein.de\/azubi-blog\/schulstart-nach-den-ferien-warum-das-auch-im-markt-fuer-umstellung-sorgt\/#Was_tatsaechlich_dahintersteckt\" >Was tats\u00e4chlich dahintersteckt<\/a><\/li><li class='ez-toc-page-1 ez-toc-heading-level-2'><a class=\"ez-toc-link ez-toc-heading-3\" href=\"https:\/\/niemerszein.de\/azubi-blog\/schulstart-nach-den-ferien-warum-das-auch-im-markt-fuer-umstellung-sorgt\/#So_sieht_das_konkret_aus\" >So sieht das konkret aus<\/a><\/li><li class='ez-toc-page-1 ez-toc-heading-level-2'><a class=\"ez-toc-link ez-toc-heading-4\" href=\"https:\/\/niemerszein.de\/azubi-blog\/schulstart-nach-den-ferien-warum-das-auch-im-markt-fuer-umstellung-sorgt\/#Warum_das_fuer_dich_als_Azubi_wichtig_ist\" >Warum das f\u00fcr dich als Azubi wichtig ist<\/a><\/li><li class='ez-toc-page-1 ez-toc-heading-level-2'><a class=\"ez-toc-link ez-toc-heading-5\" href=\"https:\/\/niemerszein.de\/azubi-blog\/schulstart-nach-den-ferien-warum-das-auch-im-markt-fuer-umstellung-sorgt\/#Der_groessere_Zusammenhang_viele_kleine_Jahreszeiten\" >Der gr\u00f6\u00dfere Zusammenhang: viele kleine Jahreszeiten<\/a><\/li><li class='ez-toc-page-1 ez-toc-heading-level-2'><a class=\"ez-toc-link ez-toc-heading-6\" href=\"https:\/\/niemerszein.de\/azubi-blog\/schulstart-nach-den-ferien-warum-das-auch-im-markt-fuer-umstellung-sorgt\/#Wie_sich_der_Markt_im_Hintergrund_vorbereitet\" >Wie sich der Markt im Hintergrund vorbereitet<\/a><\/li><li class='ez-toc-page-1 ez-toc-heading-level-2'><a class=\"ez-toc-link ez-toc-heading-7\" href=\"https:\/\/niemerszein.de\/azubi-blog\/schulstart-nach-den-ferien-warum-das-auch-im-markt-fuer-umstellung-sorgt\/#Take-away_fuer_den_Markt-Alltag\" >Take-away f\u00fcr den Markt-Alltag<\/a><\/li><\/ul><\/nav><\/div>\n<h2 class=\"wp-block-heading\"><span class=\"ez-toc-section\" id=\"Der_Moment_in_dem_die_Ferien_vorbei_sind\"><\/span><strong>Der Moment, in dem die Ferien vorbei sind<\/strong><span class=\"ez-toc-section-end\"><\/span><\/h2>\n\n\n\n<p class=\"wp-block-paragraph\">In den Sommerferien ver\u00e4ndert sich der Rhythmus vieler Familien: sp\u00e4teres Aufstehen, spontanere Eink\u00e4ufe, oft kleinere Mengen. Sobald die Schule wieder losgeht, kippt das ziemlich schlagartig zur\u00fcck in feste Bahnen. Der Vormittagsverkehr verschiebt sich wieder auf feste Zeitfenster vor der Arbeit oder direkt nach dem Schulweg, die Einkaufswagen werden voller, und bestimmte Produktgruppen werden pl\u00f6tzlich wieder deutlich \u00f6fter nachgefragt.<\/p>\n\n\n\n<h2 class=\"wp-block-heading\"><span class=\"ez-toc-section\" id=\"Was_tatsaechlich_dahintersteckt\"><\/span><strong>Was tats\u00e4chlich dahintersteckt<\/strong><span class=\"ez-toc-section-end\"><\/span><\/h2>\n\n\n\n<p class=\"wp-block-paragraph\">Der Effekt hat weniger mit dem einzelnen Kalendertag zu tun als mit dem, was er ausl\u00f6st: Familien planen wieder eher wochenweise statt spontan. Pausenbrote, Trinkflaschen und Snacks f\u00fcr unterwegs m\u00fcssen jetzt jeden Morgen mitgedacht werden \u2013 das f\u00fchrt zu regelm\u00e4\u00dfigeren, aber auch h\u00e4ufigeren kleinen Eink\u00e4ufen. Anders als bei Obst, Fleisch oder K\u00e4se gibt es bei NIEMERSZEIN \u00fcbrigens keine eigene Brot-Abteilung mit eigenem Marktpersonal: Brot und Br\u00f6tchen kommen taggenau als Lieferung ins Haus. Trotzdem sp\u00fcrt auch dieser Bereich den Schulstart deutlich, denn die Nachfrage nach Broten und Br\u00f6tchen f\u00fcrs Pausenbrot zieht merklich an.<\/p>\n\n\n\n<h2 class=\"wp-block-heading\"><span class=\"ez-toc-section\" id=\"So_sieht_das_konkret_aus\"><\/span><strong>So sieht das konkret aus<\/strong><span class=\"ez-toc-section-end\"><\/span><\/h2>\n\n\n\n<p class=\"wp-block-paragraph\">Ein Blick durch den Markt zeigt, wo der Schulstart \u00fcberall ankommt:<\/p>\n\n\n\n<ul class=\"wp-block-list\">\n<li>Mehr Nachfrage nach Aufschnitt, K\u00e4se und Aufstrich f\u00fcrs Pausenbrot<\/li>\n\n\n\n<li>Obst und kleine Snacks f\u00fcr unterwegs werden h\u00e4ufiger nachgekauft<\/li>\n\n\n\n<li>Getr\u00e4nke in kleinen, handlichen Gr\u00f6\u00dfen laufen besser<\/li>\n\n\n\n<li>S\u00fc\u00dfwaren-Restposten von der Schult\u00fcten-Saison werden abverkauft<\/li>\n\n\n\n<li>K\u00fcrzere, aber h\u00e4ufigere Eink\u00e4ufe direkt morgens vor Arbeits- oder Schulbeginn oder in den Pausen bei nah gelegenen Schulen<\/li>\n<\/ul>\n\n\n\n<h2 class=\"wp-block-heading\"><span class=\"ez-toc-section\" id=\"Warum_das_fuer_dich_als_Azubi_wichtig_ist\"><\/span><strong>Warum das f\u00fcr dich als Azubi wichtig ist<\/strong><span class=\"ez-toc-section-end\"><\/span><\/h2>\n\n\n\n<p class=\"wp-block-paragraph\">Solche Verschiebungen laufen nicht von allein glatt \u2013 sie brauchen Aufmerksamkeit. Wer merkt, dass bestimmte Regale morgens pl\u00f6tzlich schneller leer sind, kann fr\u00fcher nachf\u00fcllen, statt erst zu reagieren, wenn Kund:innen schon vor der L\u00fccke stehen.&nbsp;<\/p>\n\n\n\n<p class=\"wp-block-paragraph\">F\u00fcr dich bedeutet das: Augen offen halten, Muster erkennen und mit deinem Team absprechen, wo gerade mehr los ist als sonst. Genau dieses Gesp\u00fcr f\u00fcr Timing und Nachfrage geh\u00f6rt zu den Dingen, die man nicht aus dem Lehrbuch lernt, sondern nur durch Hinschauen im Markt-Alltag.<\/p>\n\n\n\n<h2 class=\"wp-block-heading\"><span class=\"ez-toc-section\" id=\"Der_groessere_Zusammenhang_viele_kleine_Jahreszeiten\"><\/span><strong>Der gr\u00f6\u00dfere Zusammenhang: viele kleine Jahreszeiten<\/strong><span class=\"ez-toc-section-end\"><\/span><\/h2>\n\n\n\n<p class=\"wp-block-paragraph\">Der Schulstart ist letztlich nur eine von vielen kleinen \u201eJahreszeiten\u201c, die den Handel das ganze Jahr \u00fcber takten \u2013 neben Ostern, Grillsaison oder Weihnachten. Jede davon ver\u00e4ndert kurzfristig, was Kund:innen brauchen, und jede davon l\u00e4sst sich mit guter Planung vorwegnehmen.<\/p>\n\n\n\n<h2 class=\"wp-block-heading\"><span class=\"ez-toc-section\" id=\"Wie_sich_der_Markt_im_Hintergrund_vorbereitet\"><\/span><strong>Wie sich der Markt im Hintergrund vorbereitet<\/strong><span class=\"ez-toc-section-end\"><\/span><\/h2>\n\n\n\n<p class=\"wp-block-paragraph\">Schon Wochen vor dem ersten Schultag laufen im Hintergrund Vorbereitungen: Auf Basis der Verkaufszahlen aus den Vorjahren werden Bestellmengen f\u00fcr Pausenbrot-Zutaten, Obst und kleine Snacks angepasst, noch bevor die ersten Kund:innen tats\u00e4chlich mehr davon kaufen. Diese vorausschauende Disposition sorgt daf\u00fcr, dass die Regale in der ersten Schulwoche nicht leerlaufen.<\/p>\n\n\n\n<h2 class=\"wp-block-heading\"><span class=\"ez-toc-section\" id=\"Take-away_fuer_den_Markt-Alltag\"><\/span><strong>Take-away f\u00fcr den Markt-Alltag<\/strong><span class=\"ez-toc-section-end\"><\/span><\/h2>\n\n\n\n<p class=\"wp-block-paragraph\">Der Schulstart betrifft also nicht nur Familien, sondern \u00fcber kleine Umwege den ganzen Markt: von der K\u00fchltheke bis zur Kasse. Wer das einmal durchschaut hat, versteht auch, warum Disposition und Bestellmengen im LEH nie starr bleiben, sondern sich st\u00e4ndig an das echte Leben drau\u00dfen anpassen.<\/p>\n\n\n\n<div class=\"wp-block-buttons is-layout-flex wp-block-buttons-is-layout-flex\">\n<div class=\"wp-block-button\"><a class=\"wp-block-button__link wp-element-button\">bewirb dich jetzt<\/a><\/div>\n<\/div>\n","protected":false},"excerpt":{"rendered":"<p>Am 20. August hei\u00dft es f\u00fcr Hamburger Schulkinder wieder: Ranzen gepackt, Wecker gestellt, Alltag zur\u00fcck und das sp\u00fcrt auch der LEH um die Ecke. Der Rhythmuswechsel macht sich nicht nur in der Innenstadt und an der Alster bemerkbar, sondern in unseren NIEMERSZEIN M\u00e4rkten quer durch die ganze Stadt. Aber warum eigentlich sorgt ein Kalenderdatum wie&hellip;<\/p>\n","protected":false},"author":4,"featured_media":1393,"comment_status":"closed","ping_status":"closed","sticky":false,"template":"","format":"standard","meta":{"_seopress_titles_title":"Schulstart nach den Ferien im LEH","_seopress_titles_desc":"Warum eigentlich sorgt ein Kalenderdatum wie der Schulstart in Hamburg f\u00fcr sp\u00fcrbare Ver\u00e4nderungen im Einkaufsverhalten?","_seopress_robots_index":"","_seopress_robots_follow":"","_seopress_robots_imageindex":"","_seopress_robots_snippet":"","_seopress_robots_primary_cat":"","_seopress_robots_breadcrumbs":"","_seopress_robots_freeze_modified_date":"","_seopress_robots_custom_modified_date":"","_seopress_robots_canonical":"","_seopress_social_fb_title":"","_seopress_social_fb_desc":"","_seopress_social_fb_img":"","_seopress_social_fb_img_attachment_id":0,"_seopress_social_fb_img_width":0,"_seopress_social_fb_img_height":0,"_seopress_social_twitter_title":"","_seopress_social_twitter_desc":"","_seopress_social_twitter_img":"","_seopress_social_twitter_img_attachment_id":0,"_seopress_social_twitter_img_width":0,"_seopress_social_twitter_img_height":0,"_seopress_redirections_value":"","_seopress_redirections_enabled":"","_seopress_redirections_enabled_regex":"","_seopress_redirections_logged_status":"","_seopress_redirections_param":"","_seopress_redirections_type":0,"_seopress_analysis_target_kw":"","footnotes":""},"categories":[22],"tags":[20,15,23,19,17,14,13,30,18,26],"class_list":["post-1519","post","type-post","status-publish","format-standard","has-post-thumbnail","hentry","category-warum-eigentlich","tag-ausbildung","tag-ausbildungsinhalte","tag-azubi-blog","tag-edeka-niemerszein","tag-einzelhandel","tag-einzelhandelskauffrau","tag-einzelhandelskaufmann","tag-hamburg","tag-lebensmitteleinzelhandel","tag-niemerszein","entry","has-media"],"_links":{"self":[{"href":"https:\/\/niemerszein.de\/azubi-blog\/wp-json\/wp\/v2\/posts\/1519","targetHints":{"allow":["GET"]}}],"collection":[{"href":"https:\/\/niemerszein.de\/azubi-blog\/wp-json\/wp\/v2\/posts"}],"about":[{"href":"https:\/\/niemerszein.de\/azubi-blog\/wp-json\/wp\/v2\/types\/post"}],"author":[{"embeddable":true,"href":"https:\/\/niemerszein.de\/azubi-blog\/wp-json\/wp\/v2\/users\/4"}],"replies":[{"embeddable":true,"href":"https:\/\/niemerszein.de\/azubi-blog\/wp-json\/wp\/v2\/comments?post=1519"}],"version-history":[{"count":2,"href":"https:\/\/niemerszein.de\/azubi-blog\/wp-json\/wp\/v2\/posts\/1519\/revisions"}],"predecessor-version":[{"id":1521,"href":"https:\/\/niemerszein.de\/azubi-blog\/wp-json\/wp\/v2\/posts\/1519\/revisions\/1521"}],"wp:featuredmedia":[{"embeddable":true,"href":"https:\/\/niemerszein.de\/azubi-blog\/wp-json\/wp\/v2\/media\/1393"}],"wp:attachment":[{"href":"https:\/\/niemerszein.de\/azubi-blog\/wp-json\/wp\/v2\/media?parent=1519"}],"wp:term":[{"taxonomy":"category","embeddable":true,"href":"https:\/\/niemerszein.de\/azubi-blog\/wp-json\/wp\/v2\/categories?post=1519"},{"taxonomy":"post_tag","embeddable":true,"href":"https:\/\/niemerszein.de\/azubi-blog\/wp-json\/wp\/v2\/tags?post=1519"}],"curies":[{"name":"wp","href":"https:\/\/api.w.org\/{rel}","templated":true}]}}